{"id":1164,"date":"2021-09-19T21:45:58","date_gmt":"2021-09-19T21:45:58","guid":{"rendered":"http:\/\/sabine-hartmann-sibbesse.de\/?p=1164"},"modified":"2021-09-19T21:45:58","modified_gmt":"2021-09-19T21:45:58","slug":"kunst-und-kuerbis-in-gehrenrode","status":"publish","type":"post","link":"https:\/\/sabine-hartmann-sibbesse.de\/?p=1164","title":{"rendered":"Kunst und K\u00fcrbis in Gehrenrode"},"content":{"rendered":"\n<p>Der Autorenkreis &#8222;Wort f\u00fcr Wort&#8220; und der Hottenstein Buchverlag hat das M\u00e4rchenzelt auf dem Rosenhof in Gehrenrode aufgebaut und die Kinder ins Wunderland Garten entf\u00fchrt, zu dem Hauselfen Carlito, den kleinen Drachen und wilden Erbsen.<\/p>\n\n\n\n<figure class=\"wp-block-image size-large\"><img loading=\"lazy\" decoding=\"async\" width=\"1024\" height=\"768\" src=\"http:\/\/sabine-hartmann-sibbesse.de\/wp-content\/uploads\/2021\/09\/Stand-in-Gehrenrode-1024x768.jpg\" alt=\"\" class=\"wp-image-1165\" srcset=\"https:\/\/sabine-hartmann-sibbesse.de\/wp-content\/uploads\/2021\/09\/Stand-in-Gehrenrode-1024x768.jpg 1024w, https:\/\/sabine-hartmann-sibbesse.de\/wp-content\/uploads\/2021\/09\/Stand-in-Gehrenrode-300x225.jpg 300w, https:\/\/sabine-hartmann-sibbesse.de\/wp-content\/uploads\/2021\/09\/Stand-in-Gehrenrode-768x576.jpg 768w, https:\/\/sabine-hartmann-sibbesse.de\/wp-content\/uploads\/2021\/09\/Stand-in-Gehrenrode-624x468.jpg 624w, https:\/\/sabine-hartmann-sibbesse.de\/wp-content\/uploads\/2021\/09\/Stand-in-Gehrenrode.jpg 1080w\" sizes=\"auto, (max-width: 1024px) 100vw, 1024px\" \/><\/figure>\n\n\n\n<p>Auf dem Foto betreut die Sibbesser Autorin Ulrike Boblitz den Stand, an dem auch &#8222;Auf der Suche&#8220; von Micha Kloth und Ronja Padurlar angeboten wird.<\/p>\n","protected":false},"excerpt":{"rendered":"<p>Der Autorenkreis &#8222;Wort f\u00fcr Wort&#8220; und der Hottenstein Buchverlag hat das M\u00e4rchenzelt auf dem Rosenhof in Gehrenrode aufgebaut und die Kinder ins Wunderland Garten entf\u00fchrt, zu dem Hauselfen Carlito, den kleinen Drachen und wilden Erbsen. Auf dem Foto betreut die Sibbesser Autorin Ulrike Boblitz den Stand, an dem auch &#8222;Auf der Suche&#8220; von Micha Kloth [&hellip;]<\/p>\n","protected":false},"author":1,"featured_media":0,"comment_status":"open","ping_status":"open","sticky":false,"template":"","format":"standard","meta":{"footnotes":""},"categories":[32],"tags":[27,398,199,281,359,82,124,411,413,414,412],"class_list":["post-1164","post","type-post","status-publish","format-standard","hentry","category-aktionen","tag-drachen","tag-elfen","tag-kinder","tag-kunst","tag-kuerbis","tag-lesung","tag-maerchen","tag-maerchenzelt","tag-romantik","tag-stille","tag-vorlesen"],"_links":{"self":[{"href":"https:\/\/sabine-hartmann-sibbesse.de\/index.php?rest_route=\/wp\/v2\/posts\/1164","targetHints":{"allow":["GET"]}}],"collection":[{"href":"https:\/\/sabine-hartmann-sibbesse.de\/index.php?rest_route=\/wp\/v2\/posts"}],"about":[{"href":"https:\/\/sabine-hartmann-sibbesse.de\/index.php?rest_route=\/wp\/v2\/types\/post"}],"author":[{"embeddable":true,"href":"https:\/\/sabine-hartmann-sibbesse.de\/index.php?rest_route=\/wp\/v2\/users\/1"}],"replies":[{"embeddable":true,"href":"https:\/\/sabine-hartmann-sibbesse.de\/index.php?rest_route=%2Fwp%2Fv2%2Fcomments&post=1164"}],"version-history":[{"count":1,"href":"https:\/\/sabine-hartmann-sibbesse.de\/index.php?rest_route=\/wp\/v2\/posts\/1164\/revisions"}],"predecessor-version":[{"id":1166,"href":"https:\/\/sabine-hartmann-sibbesse.de\/index.php?rest_route=\/wp\/v2\/posts\/1164\/revisions\/1166"}],"wp:attachment":[{"href":"https:\/\/sabine-hartmann-sibbesse.de\/index.php?rest_route=%2Fwp%2Fv2%2Fmedia&parent=1164"}],"wp:term":[{"taxonomy":"category","embeddable":true,"href":"https:\/\/sabine-hartmann-sibbesse.de\/index.php?rest_route=%2Fwp%2Fv2%2Fcategories&post=1164"},{"taxonomy":"post_tag","embeddable":true,"href":"https:\/\/sabine-hartmann-sibbesse.de\/index.php?rest_route=%2Fwp%2Fv2%2Ftags&post=1164"}],"curies":[{"name":"wp","href":"https:\/\/api.w.org\/{rel}","templated":true}]}}