{"id":1086,"date":"2020-10-12T13:39:47","date_gmt":"2020-10-12T13:39:47","guid":{"rendered":"http:\/\/sabine-hartmann-sibbesse.de\/?p=1086"},"modified":"2020-10-12T13:39:47","modified_gmt":"2020-10-12T13:39:47","slug":"spannender-auftakt","status":"publish","type":"post","link":"https:\/\/sabine-hartmann-sibbesse.de\/?p=1086","title":{"rendered":"Spannender Auftakt"},"content":{"rendered":"\n<p>Flora &amp; Leo, Die Geheimnisse des Waldes<br>von Emanuela Bus\u00e0<\/p>\n\n\n\n<figure class=\"wp-block-image size-large\"><img loading=\"lazy\" decoding=\"async\" width=\"160\" height=\"200\" src=\"http:\/\/sabine-hartmann-sibbesse.de\/wp-content\/uploads\/2020\/10\/flora-leo-die-geheimnisse-des-waldes-emanuela-busa.jpeg\" alt=\"\" class=\"wp-image-1087\"\/><\/figure>\n\n\n\n<p>In diesem ersten Band einer neuen Reihe erz\u00e4hlender Sachb\u00fccher f\u00fcr Kinder ab 6 Jahren ist der Band \u201eDie Geheimnisse des Waldes\u201c erschienen. Die Leserinnen und Leser lernen die beiden Geschwister Flora &amp; Leo kennen, die ein wenig unterschiedlich sind, Leo ist eher sch\u00fcchtern und Flora eher abenteuerlustig. Doch beide lieben die Natur und wollen deren Geheimnisse ergr\u00fcnden.<\/p>\n\n\n\n<p>Deshalb herrscht gro\u00dfe Aufregung, weil beide gemeinsam mit einer Jugendgruppe einen Camping-Ausflug in den Wald machen. Nicht nur m\u00fcssen sie jede Menge Dinge ber\u00fccksichtigen, sie m\u00fcssen auch Wichtiges einpacken.<\/p>\n\n\n\n<p>Als sie dann endlich da sind, m\u00fcssen die Zelte aufgebaut und das Lager eingerichtet werden. Doch es bleibt auch Zeit, sich mit dem Wald und seinen Bewohnern auseinander zu setzen. Dabei geht es um die Themen: B\u00e4ume bestimmen, Tierstimmen erkennen, Sterne beobachten, Spuren deuten und den Schutz der Umwelt.<\/p>\n\n\n\n<p>Am Ende gibt es ein paar Seiten, auf denen die Kinder pr\u00fcfen k\u00f6nne, ob und was sie gelernt haben.<\/p>\n\n\n\n<p>Zahlreiche Abbildungen und auch die Texte transportieren (f\u00fcr ein derart kleines Buch) unglaublich viele Informationen, obwohl ja nebenbei auch noch die Geschichte erz\u00e4hlt wird, die Flora &amp; Leo erleben.<\/p>\n\n\n\n<p>Die Illustrationen sind sowohl im erz\u00e4hlenden Teil als auch im Sachteil sehr detailliert, bunt und informativ und pr\u00e4gen sich so hervorragend ein.<\/p>\n\n\n\n<p>Fazit: Eine sehr ansprechende neue Sachbuchreihe f\u00fcr die Leseanf\u00e4nger.<\/p>\n\n\n\n<p>Band 2 ist bereits erschienen: Flora &amp; Leo: Spaziergang zu den Sternen.<\/p>\n","protected":false},"excerpt":{"rendered":"<p>Flora &amp; Leo, Die Geheimnisse des Waldesvon Emanuela Bus\u00e0 In diesem ersten Band einer neuen Reihe erz\u00e4hlender Sachb\u00fccher f\u00fcr Kinder ab 6 Jahren ist der Band \u201eDie Geheimnisse des Waldes\u201c erschienen. Die Leserinnen und Leser lernen die beiden Geschwister Flora &amp; Leo kennen, die ein wenig unterschiedlich sind, Leo ist eher sch\u00fcchtern und Flora eher [&hellip;]<\/p>\n","protected":false},"author":1,"featured_media":0,"comment_status":"open","ping_status":"open","sticky":false,"template":"","format":"standard","meta":{"footnotes":""},"categories":[130],"tags":[366,199,364,367,294,363,351,365],"class_list":["post-1086","post","type-post","status-publish","format-standard","hentry","category-leseempfehlungen","tag-ausflug","tag-kinder","tag-naturschutz","tag-pflanzen","tag-tiere","tag-umweltschutz","tag-wald","tag-zelten"],"_links":{"self":[{"href":"https:\/\/sabine-hartmann-sibbesse.de\/index.php?rest_route=\/wp\/v2\/posts\/1086","targetHints":{"allow":["GET"]}}],"collection":[{"href":"https:\/\/sabine-hartmann-sibbesse.de\/index.php?rest_route=\/wp\/v2\/posts"}],"about":[{"href":"https:\/\/sabine-hartmann-sibbesse.de\/index.php?rest_route=\/wp\/v2\/types\/post"}],"author":[{"embeddable":true,"href":"https:\/\/sabine-hartmann-sibbesse.de\/index.php?rest_route=\/wp\/v2\/users\/1"}],"replies":[{"embeddable":true,"href":"https:\/\/sabine-hartmann-sibbesse.de\/index.php?rest_route=%2Fwp%2Fv2%2Fcomments&post=1086"}],"version-history":[{"count":1,"href":"https:\/\/sabine-hartmann-sibbesse.de\/index.php?rest_route=\/wp\/v2\/posts\/1086\/revisions"}],"predecessor-version":[{"id":1088,"href":"https:\/\/sabine-hartmann-sibbesse.de\/index.php?rest_route=\/wp\/v2\/posts\/1086\/revisions\/1088"}],"wp:attachment":[{"href":"https:\/\/sabine-hartmann-sibbesse.de\/index.php?rest_route=%2Fwp%2Fv2%2Fmedia&parent=1086"}],"wp:term":[{"taxonomy":"category","embeddable":true,"href":"https:\/\/sabine-hartmann-sibbesse.de\/index.php?rest_route=%2Fwp%2Fv2%2Fcategories&post=1086"},{"taxonomy":"post_tag","embeddable":true,"href":"https:\/\/sabine-hartmann-sibbesse.de\/index.php?rest_route=%2Fwp%2Fv2%2Ftags&post=1086"}],"curies":[{"name":"wp","href":"https:\/\/api.w.org\/{rel}","templated":true}]}}