{"id":1050,"date":"2020-02-13T11:19:55","date_gmt":"2020-02-13T11:19:55","guid":{"rendered":"http:\/\/sabine-hartmann-sibbesse.de\/?p=1050"},"modified":"2020-02-13T11:19:55","modified_gmt":"2020-02-13T11:19:55","slug":"der-zweite-regionalkrimi-fuer-holle-entsteht","status":"publish","type":"post","link":"https:\/\/sabine-hartmann-sibbesse.de\/?p=1050","title":{"rendered":"Der zweite Regionalkrimi f\u00fcr Holle entsteht"},"content":{"rendered":"\n<p>Der erste Holler Regionalkrimi um die Putzfrau Bea,\nKommissar Nils Meyer und den toten Bauunternehmer Dehning \u201eZu sp\u00e4t \u2013 schon tot\u201c\nsoll in diesem Jahr einen Nachfolger bekommen. Das Holler Team ist wieder an\nBord und wartet schon sehns\u00fcchtig auf die ersten Seiten \u2026<\/p>\n\n\n\n<figure class=\"wp-block-image size-large\"><img loading=\"lazy\" decoding=\"async\" width=\"174\" height=\"266\" src=\"http:\/\/sabine-hartmann-sibbesse.de\/wp-content\/uploads\/2020\/02\/Holle.jpg\" alt=\"\" class=\"wp-image-1051\"\/><\/figure>\n\n\n\n<p>Diesmal sollen auch alle anderen Interessierten die\nM\u00f6glichkeit haben, den Entstehungsprozess des Buches zu begleiten.<\/p>\n\n\n\n<p>Aus diesem Grund werde ich Sie in den n\u00e4chsten Monaten\nregelm\u00e4\u00dfig an den Entwicklungen teilhaben lassen: w\u00f6chentlich auf Instagram und\nFacebook mit kurzen Nachrichten und mindestens einmal monatlich auf meiner\nHomepage mit einem l\u00e4ngeren Post. Da finden Sie neben Fotos von den Tatorten\nauch kurze Textausz\u00fcge, \u00dcberlegungen zu Plot, Recherchen, Textausz\u00fcge usw.<\/p>\n\n\n\n<p>Sie haben au\u00dferdem die M\u00f6glichkeit, jederzeit Vorschl\u00e4ge und\nInformationen beizutragen, wenn sich in Holle und \u201eum zu\u201c etwas ereignet, das\ngut in den zweiten Holler Krimi passen k\u00f6nnte.<\/p>\n\n\n\n<p>Der Titel steht schon fest:<\/p>\n\n\n\n<p>\u201eDu schuldest mir noch etwas\u201c<\/p>\n\n\n\n<p>Damit haben Sie vielleicht bereits die ersten Hinweise auf\ndas Thema des Krimis.<\/p>\n\n\n\n<p>Bea ist nicht nur Putzfrau, sondern auch K\u00fcnstlerin, und\ndeswegen wird die Kunst im neuen Band nat\u00fcrlich wieder eine wichtige Rolle\nspielen.<\/p>\n\n\n\n<p>Das wird sich auch in der Gestaltung des Buches\nniederschlagen. Sie d\u00fcrfen gespannt sein \u2013 ich bin es jedenfalls, denn der\nSottrumer K\u00fcnstler Volker Witteczek arbeitet auch wieder mit.<\/p>\n\n\n\n<p>Ich freue mich auf Ihre Begleitung bei dem Projekt. Teilen\nSie meine Posts und bereichern Sie das Projekt mit Ihren Ideen, Anmerkungen\nusw.<\/p>\n","protected":false},"excerpt":{"rendered":"<p>Der erste Holler Regionalkrimi um die Putzfrau Bea, Kommissar Nils Meyer und den toten Bauunternehmer Dehning \u201eZu sp\u00e4t \u2013 schon tot\u201c soll in diesem Jahr einen Nachfolger bekommen. Das Holler Team ist wieder an Bord und wartet schon sehns\u00fcchtig auf die ersten Seiten \u2026 Diesmal sollen auch alle anderen Interessierten die M\u00f6glichkeit haben, den Entstehungsprozess [&hellip;]<\/p>\n","protected":false},"author":1,"featured_media":0,"comment_status":"open","ping_status":"open","sticky":false,"template":"","format":"standard","meta":{"footnotes":""},"categories":[1],"tags":[240,335,185,10,270,281,332,333,334,40,336,331],"class_list":["post-1050","post","type-post","status-publish","format-standard","hentry","category-zitate","tag-derneburg","tag-glashaus","tag-holle","tag-krimi","tag-kultur","tag-kunst","tag-lavespfad","tag-maler","tag-putzfrau","tag-regionalkrimi","tag-schloss","tag-wochenende"],"_links":{"self":[{"href":"https:\/\/sabine-hartmann-sibbesse.de\/index.php?rest_route=\/wp\/v2\/posts\/1050","targetHints":{"allow":["GET"]}}],"collection":[{"href":"https:\/\/sabine-hartmann-sibbesse.de\/index.php?rest_route=\/wp\/v2\/posts"}],"about":[{"href":"https:\/\/sabine-hartmann-sibbesse.de\/index.php?rest_route=\/wp\/v2\/types\/post"}],"author":[{"embeddable":true,"href":"https:\/\/sabine-hartmann-sibbesse.de\/index.php?rest_route=\/wp\/v2\/users\/1"}],"replies":[{"embeddable":true,"href":"https:\/\/sabine-hartmann-sibbesse.de\/index.php?rest_route=%2Fwp%2Fv2%2Fcomments&post=1050"}],"version-history":[{"count":1,"href":"https:\/\/sabine-hartmann-sibbesse.de\/index.php?rest_route=\/wp\/v2\/posts\/1050\/revisions"}],"predecessor-version":[{"id":1052,"href":"https:\/\/sabine-hartmann-sibbesse.de\/index.php?rest_route=\/wp\/v2\/posts\/1050\/revisions\/1052"}],"wp:attachment":[{"href":"https:\/\/sabine-hartmann-sibbesse.de\/index.php?rest_route=%2Fwp%2Fv2%2Fmedia&parent=1050"}],"wp:term":[{"taxonomy":"category","embeddable":true,"href":"https:\/\/sabine-hartmann-sibbesse.de\/index.php?rest_route=%2Fwp%2Fv2%2Fcategories&post=1050"},{"taxonomy":"post_tag","embeddable":true,"href":"https:\/\/sabine-hartmann-sibbesse.de\/index.php?rest_route=%2Fwp%2Fv2%2Ftags&post=1050"}],"curies":[{"name":"wp","href":"https:\/\/api.w.org\/{rel}","templated":true}]}}