{"id":1036,"date":"2020-01-28T07:56:18","date_gmt":"2020-01-28T07:56:18","guid":{"rendered":"http:\/\/sabine-hartmann-sibbesse.de\/?p=1036"},"modified":"2020-01-28T07:56:18","modified_gmt":"2020-01-28T07:56:18","slug":"projekt-augenzeugen","status":"publish","type":"post","link":"https:\/\/sabine-hartmann-sibbesse.de\/?p=1036","title":{"rendered":"Projekt Augenzeugen"},"content":{"rendered":"\n<p><strong>Projekt \u201eAugenzeugen\u201c\nstartet in Sibbesse<\/strong><\/p>\n\n\n\n<figure class=\"wp-block-image size-large\"><img loading=\"lazy\" decoding=\"async\" width=\"1024\" height=\"683\" src=\"http:\/\/sabine-hartmann-sibbesse.de\/wp-content\/uploads\/2020\/01\/Projekt-Augenzeugen-Header-1-1024x683-1.jpg\" alt=\"\" class=\"wp-image-1037\" srcset=\"https:\/\/sabine-hartmann-sibbesse.de\/wp-content\/uploads\/2020\/01\/Projekt-Augenzeugen-Header-1-1024x683-1.jpg 1024w, https:\/\/sabine-hartmann-sibbesse.de\/wp-content\/uploads\/2020\/01\/Projekt-Augenzeugen-Header-1-1024x683-1-300x200.jpg 300w, https:\/\/sabine-hartmann-sibbesse.de\/wp-content\/uploads\/2020\/01\/Projekt-Augenzeugen-Header-1-1024x683-1-768x512.jpg 768w, https:\/\/sabine-hartmann-sibbesse.de\/wp-content\/uploads\/2020\/01\/Projekt-Augenzeugen-Header-1-1024x683-1-624x416.jpg 624w\" sizes=\"auto, (max-width: 1024px) 100vw, 1024px\" \/><\/figure>\n\n\n\n<p>Jedes Jahr zu Himmelfahrt wanderten viele Sibbesser in den\nWald, um ein paar fr\u00f6hliche Stunden zu verleben \u2013 was manchmal mit einer\nSchl\u00e4gerei endete. Warum das so war und was sich im Felsenkeller sonst noch so\nabspielte, k\u00f6nnte Hanna Winter erz\u00e4hlen.<\/p>\n\n\n\n<p>Mit dem Projekt \u201eAugenzeugen\u201c sollen solche Geschichten\naufgesp\u00fcrt und in Gespr\u00e4chen festgehalten werden. Aber nicht nur Geschichten\nvon damals, sondern auch aktuelle. Abh\u00e4ngig davon, was die Menschen bewegt.<\/p>\n\n\n\n<p>Manchmal wohnt man schon viele Jahre im selben Ort und\nspricht doch nur wenig miteinander. Dieses Projekt bietet die M\u00f6glichkeit, den\nNachbarn n\u00e4her kennenzulernen, ihn oder sie besser zu verstehen und\nErinnerungen zu teilen.<\/p>\n\n\n\n<p>Jeder, der etwas erz\u00e4hlen m\u00f6chte oder Lust hat, jemanden zu\nbefragen, kann bei dem Projekt mitmachen. Eine Arbeitsgruppe aus Heimatpflege,\nKulturForum und Runder Tisch Asyl hat dieses Projekt mit Unterst\u00fctzung der\nInitiative \u201eMiteinander Reden\u201c der Bundeszentrale f\u00fcr politische Bildung ins\nLeben gerufen.<\/p>\n\n\n\n<p>Dieses Team betreut alle Teilnehmer bei den Gespr\u00e4chen und\ndie Vorbereitung darauf. Die Gespr\u00e4che werden aufgezeichnet, im Anschluss\nbearbeitet und sollen dann an verschiedenen \u00f6ffentlichen Stationen in der\nGemeinde Sibbesse abgeh\u00f6rt werden k\u00f6nnen. Auch \u00fcber die Homepage der Gemeinde bzw.\ndes Projekts \u201eAugenzeugen\u201c k\u00f6nnen die H\u00f6rdateien dann abgerufen werden.<\/p>\n\n\n\n<p>\u201eEs ist uns ein Anliegen, verschiedene Sibbesser miteinander\nins Gespr\u00e4ch zu bringen und die Geschichten, die dabei auftauchen, alle\nzug\u00e4nglich zu machen, die sich daf\u00fcr interessieren\u201c, erl\u00e4utert Elfi Bindemann\nein Projektziel. \u201eDabei geht es jedoch nicht nur ums Erinnern, sondern auch ums\nZuh\u00f6ren, Kennenlernen und Verstehen\u201c, erg\u00e4nzt Ulla Gehrke-Semmler, die bereits\ngenau wei\u00df, wen sie gern interviewen w\u00fcrde. Sie freut sich schon darauf, wenn\nes am 16.2.2020 um 15.00 Uhr in der Friedrich-Busse-Schule losgeht. Dort gibt\nes Informationen zum Projekt, die ersten Interviews k\u00f6nnen angeh\u00f6rt werden, und\nes gibt die M\u00f6glichkeit, Interviewpartner zu finden.<\/p>\n\n\n\n<p>\u00dcber wen wollten Sie schon immer mehr wissen? Stellen Sie\ngenau die Fragen, die Sie schon immer interessiert haben. Sie k\u00f6nnen jemanden\nbefragen, den Sie spannend finden, von dem sie etwas wissen wollen, den Sie\nnoch nie verstanden haben, \u2026<\/p>\n\n\n\n<p>Weitere Informationen erhalten Sie bei Martin und Sabine\nHartmann unter 05065 1781 oder auf der Projektseite: www.projekt-augenzeugen.de.<\/p>\n","protected":false},"excerpt":{"rendered":"<p>Projekt \u201eAugenzeugen\u201c startet in Sibbesse Jedes Jahr zu Himmelfahrt wanderten viele Sibbesser in den Wald, um ein paar fr\u00f6hliche Stunden zu verleben \u2013 was manchmal mit einer Schl\u00e4gerei endete. Warum das so war und was sich im Felsenkeller sonst noch so abspielte, k\u00f6nnte Hanna Winter erz\u00e4hlen. Mit dem Projekt \u201eAugenzeugen\u201c sollen solche Geschichten aufgesp\u00fcrt und [&hellip;]<\/p>\n","protected":false},"author":1,"featured_media":0,"comment_status":"open","ping_status":"open","sticky":false,"template":"","format":"standard","meta":{"footnotes":""},"categories":[1],"tags":[305,311,308,306,310,307,309,304,9],"class_list":["post-1036","post","type-post","status-publish","format-standard","hentry","category-zitate","tag-augenzeugen","tag-erinnern","tag-erzaehlen","tag-erzaehlen-interview-hoerbox","tag-geschichte","tag-hoerbox","tag-interview","tag-projekt","tag-sibbesse"],"_links":{"self":[{"href":"https:\/\/sabine-hartmann-sibbesse.de\/index.php?rest_route=\/wp\/v2\/posts\/1036","targetHints":{"allow":["GET"]}}],"collection":[{"href":"https:\/\/sabine-hartmann-sibbesse.de\/index.php?rest_route=\/wp\/v2\/posts"}],"about":[{"href":"https:\/\/sabine-hartmann-sibbesse.de\/index.php?rest_route=\/wp\/v2\/types\/post"}],"author":[{"embeddable":true,"href":"https:\/\/sabine-hartmann-sibbesse.de\/index.php?rest_route=\/wp\/v2\/users\/1"}],"replies":[{"embeddable":true,"href":"https:\/\/sabine-hartmann-sibbesse.de\/index.php?rest_route=%2Fwp%2Fv2%2Fcomments&post=1036"}],"version-history":[{"count":1,"href":"https:\/\/sabine-hartmann-sibbesse.de\/index.php?rest_route=\/wp\/v2\/posts\/1036\/revisions"}],"predecessor-version":[{"id":1038,"href":"https:\/\/sabine-hartmann-sibbesse.de\/index.php?rest_route=\/wp\/v2\/posts\/1036\/revisions\/1038"}],"wp:attachment":[{"href":"https:\/\/sabine-hartmann-sibbesse.de\/index.php?rest_route=%2Fwp%2Fv2%2Fmedia&parent=1036"}],"wp:term":[{"taxonomy":"category","embeddable":true,"href":"https:\/\/sabine-hartmann-sibbesse.de\/index.php?rest_route=%2Fwp%2Fv2%2Fcategories&post=1036"},{"taxonomy":"post_tag","embeddable":true,"href":"https:\/\/sabine-hartmann-sibbesse.de\/index.php?rest_route=%2Fwp%2Fv2%2Ftags&post=1036"}],"curies":[{"name":"wp","href":"https:\/\/api.w.org\/{rel}","templated":true}]}}