{"id":1004,"date":"2019-05-09T18:28:31","date_gmt":"2019-05-09T18:28:31","guid":{"rendered":"http:\/\/sabine-hartmann-sibbesse.de\/?p=1004"},"modified":"2019-05-09T18:28:31","modified_gmt":"2019-05-09T18:28:31","slug":"drachenhort","status":"publish","type":"post","link":"https:\/\/sabine-hartmann-sibbesse.de\/?p=1004","title":{"rendered":"Drachenhort"},"content":{"rendered":"\n<p>Neben &#8222;Axlung&#8220; und den &#8222;Lavadrachen&#8220; habe ich ja auch Kurzgeschichten zum Thema Drachen in &#8222;Drachenfl\u00fcge&#8220; sowie das Kinderbuch &#8222;Drachenkuckuckskinder&#8220; und gemeinsam mit Kristin K\u00f6nig-Salbreiter (Illus) das Bilderbuch &#8222;Kikerifusch&#8220; ver\u00f6ffentlicht. Drachen sind einfach faszinierende Gestalten, die mich und die anderen im Autorenkreis nicht wirklich loslassen.<\/p>\n\n\n\n<p>Deshalb planen wir gerade das &#8222;Bestarium&#8220; &#8211; eine Naturgeschichte von Drachen, von denen die meisten Menschen noch nie geh\u00f6rt haben, wie zum Beispiel von diesem Katzendrachen, den Helga Kloppenburg gezeichnet hat.<\/p>\n\n\n\n<figure class=\"wp-block-image\"><img loading=\"lazy\" decoding=\"async\" width=\"575\" height=\"1024\" src=\"http:\/\/sabine-hartmann-sibbesse.de\/wp-content\/uploads\/2019\/05\/Katzendrache-sepia-575x1024.jpg\" alt=\"\" class=\"wp-image-1005\" srcset=\"https:\/\/sabine-hartmann-sibbesse.de\/wp-content\/uploads\/2019\/05\/Katzendrache-sepia-575x1024.jpg 575w, https:\/\/sabine-hartmann-sibbesse.de\/wp-content\/uploads\/2019\/05\/Katzendrache-sepia-169x300.jpg 169w, https:\/\/sabine-hartmann-sibbesse.de\/wp-content\/uploads\/2019\/05\/Katzendrache-sepia-768x1367.jpg 768w, https:\/\/sabine-hartmann-sibbesse.de\/wp-content\/uploads\/2019\/05\/Katzendrache-sepia-624x1111.jpg 624w, https:\/\/sabine-hartmann-sibbesse.de\/wp-content\/uploads\/2019\/05\/Katzendrache-sepia.jpg 1622w\" sizes=\"auto, (max-width: 575px) 100vw, 575px\" \/><\/figure>\n\n\n\n<p>Au\u00dferdem haben wir uns einen Drachenhort gebaut, mit dem wir am historischen Stadtfest in Elze und den Wallungen teilnehmen werden.<\/p>\n\n\n\n<figure class=\"wp-block-image\"><img loading=\"lazy\" decoding=\"async\" width=\"1024\" height=\"683\" src=\"http:\/\/sabine-hartmann-sibbesse.de\/wp-content\/uploads\/2019\/05\/Bine-und-Wendelstein-klein-1024x683.jpg\" alt=\"\" class=\"wp-image-1006\" srcset=\"https:\/\/sabine-hartmann-sibbesse.de\/wp-content\/uploads\/2019\/05\/Bine-und-Wendelstein-klein.jpg 1024w, https:\/\/sabine-hartmann-sibbesse.de\/wp-content\/uploads\/2019\/05\/Bine-und-Wendelstein-klein-300x200.jpg 300w, https:\/\/sabine-hartmann-sibbesse.de\/wp-content\/uploads\/2019\/05\/Bine-und-Wendelstein-klein-768x512.jpg 768w, https:\/\/sabine-hartmann-sibbesse.de\/wp-content\/uploads\/2019\/05\/Bine-und-Wendelstein-klein-624x416.jpg 624w\" sizes=\"auto, (max-width: 1024px) 100vw, 1024px\" \/><\/figure>\n\n\n\n<p>Neben spannenden Lesungen und Autorenbegegnungen, bieten wir auch einen Drachenspaziergang an, auf dem wir unsere G\u00e4ste zu geheimen Drachenorten begleiten werden.<\/p>\n","protected":false},"excerpt":{"rendered":"<p>Neben &#8222;Axlung&#8220; und den &#8222;Lavadrachen&#8220; habe ich ja auch Kurzgeschichten zum Thema Drachen in &#8222;Drachenfl\u00fcge&#8220; sowie das Kinderbuch &#8222;Drachenkuckuckskinder&#8220; und gemeinsam mit Kristin K\u00f6nig-Salbreiter (Illus) das Bilderbuch &#8222;Kikerifusch&#8220; ver\u00f6ffentlicht. Drachen sind einfach faszinierende Gestalten, die mich und die anderen im Autorenkreis nicht wirklich loslassen. Deshalb planen wir gerade das &#8222;Bestarium&#8220; &#8211; eine Naturgeschichte von Drachen, [&hellip;]<\/p>\n","protected":false},"author":1,"featured_media":0,"comment_status":"open","ping_status":"open","sticky":false,"template":"","format":"standard","meta":{"footnotes":""},"categories":[1],"tags":[273,42,78,275,274],"class_list":["post-1004","post","type-post","status-publish","format-standard","hentry","category-zitate","tag-bestiarium","tag-drache","tag-elze","tag-fest","tag-wallungen"],"_links":{"self":[{"href":"https:\/\/sabine-hartmann-sibbesse.de\/index.php?rest_route=\/wp\/v2\/posts\/1004","targetHints":{"allow":["GET"]}}],"collection":[{"href":"https:\/\/sabine-hartmann-sibbesse.de\/index.php?rest_route=\/wp\/v2\/posts"}],"about":[{"href":"https:\/\/sabine-hartmann-sibbesse.de\/index.php?rest_route=\/wp\/v2\/types\/post"}],"author":[{"embeddable":true,"href":"https:\/\/sabine-hartmann-sibbesse.de\/index.php?rest_route=\/wp\/v2\/users\/1"}],"replies":[{"embeddable":true,"href":"https:\/\/sabine-hartmann-sibbesse.de\/index.php?rest_route=%2Fwp%2Fv2%2Fcomments&post=1004"}],"version-history":[{"count":1,"href":"https:\/\/sabine-hartmann-sibbesse.de\/index.php?rest_route=\/wp\/v2\/posts\/1004\/revisions"}],"predecessor-version":[{"id":1007,"href":"https:\/\/sabine-hartmann-sibbesse.de\/index.php?rest_route=\/wp\/v2\/posts\/1004\/revisions\/1007"}],"wp:attachment":[{"href":"https:\/\/sabine-hartmann-sibbesse.de\/index.php?rest_route=%2Fwp%2Fv2%2Fmedia&parent=1004"}],"wp:term":[{"taxonomy":"category","embeddable":true,"href":"https:\/\/sabine-hartmann-sibbesse.de\/index.php?rest_route=%2Fwp%2Fv2%2Fcategories&post=1004"},{"taxonomy":"post_tag","embeddable":true,"href":"https:\/\/sabine-hartmann-sibbesse.de\/index.php?rest_route=%2Fwp%2Fv2%2Ftags&post=1004"}],"curies":[{"name":"wp","href":"https:\/\/api.w.org\/{rel}","templated":true}]}}